{"id":32704,"date":"2023-04-11T15:43:26","date_gmt":"2023-04-11T13:43:26","guid":{"rendered":"https:\/\/www.tascapan.com\/32704\/berg-setzlinge\/"},"modified":"2024-12-03T15:04:45","modified_gmt":"2024-12-03T14:04:45","slug":"berg-setzlinge","status":"publish","type":"post","link":"https:\/\/www.tascapan.com\/de\/32704\/berg-setzlinge\/","title":{"rendered":"Berg-Setzlinge"},"content":{"rendered":"\n<h2 class=\"wp-block-heading\">Die Produktion von Wilds\u00e4mlingen im Aostatal: Azienda Agricola <a href=\"https:\/\/www.tascapan.com\/de\/producer\/von-emy-de-2\/\">Da Emy<\/a><\/h2>\n\n<p>Das von <strong><a href=\"https:\/\/www.tascapan.com\/de\/producer\/von-emy-de-2\/\">Emilia Berthod<\/a> <\/strong>ist ein kleines Unternehmen, in dem sich alles um Bergpflanzen dreht. <a href=\"https:\/\/www.tascapan.com\/de\/producer\/von-emy-de-2\/\">Emilia<\/a> ist die Eigent\u00fcmerin des <strong>Unternehmens<\/strong> <strong> <a href=\"https:\/\/www.tascapan.com\/de\/producer\/von-emy-de-2\/\">Da Emy<\/a>, das Heilpflanzen in den Bergen anbaut<\/strong>.<\/p>\n\n<p>Produziert werden vor allem <strong>Artemisia Umbelliformis<\/strong><strong>(G\u00e9n\u00e9py<\/strong>), <strong>Arnika<\/strong>, <strong>Schafgarbe<\/strong>, <strong>Berg-Sellerie<\/strong>, <strong>Imperatoria<\/strong>, <strong>Schachtelhalm<\/strong> und <strong>Johanniskraut.<\/strong><\/p>\n\n<p>Das Aush\u00e4ngeschild seines Unternehmens ist der <strong>G\u00e9n\u00e9py<\/strong>, der sowohl als <strong>Pflanze<\/strong> als auch als <strong>Lik\u00f6r<\/strong> vermarktet wird, einfach und wei\u00df, nach traditionellem Rezept hergestellt.  <\/p>\n\n<p><a href=\"https:\/\/www.tascapan.com\/de\/producer\/von-emy-de-2\/\">Emilia<\/a> zieht ihre geliebten Setzlinge auf einem Feld in der N\u00e4he ihres Hauses im Weiler <strong>Bois de Clin<\/strong> in <strong>Valsavarenche<\/strong>.<\/p>\n\n<p>Die gesamte Aktivit\u00e4t findet n\u00e4mlich im herrlichen Schutzgebiet des <strong>Nationalparks Gran Paradiso<\/strong> statt, der auf \u00fcber <strong>1.400 Metern H\u00f6he<\/strong> liegt und ein eigenes <strong>G\u00fctesiegel besitzt.<\/strong><\/p>\n\n<p>Das Unternehmen unter der Leitung von <strong><a href=\"https:\/\/www.tascapan.com\/de\/producer\/von-emy-de-2\/\">Emilia Berthod<\/a><\/strong> wurde im <strong>Jahr 2002<\/strong> offiziell ins Leben gerufen, nachdem es eine Anzeige in <strong><em>L&#8217;Informatore Agricolo<\/em><\/strong> der autonomen Region <strong>Valle d&#8217;Aosta<\/strong>.<\/p>\n\n<p>Sie suchten eine Person, die einen <strong>experimentellen Anbau<\/strong> von <strong><em>Artemisia umbelliformis<\/em><\/strong>.\n&#8222;<em>Mir gefiel die Idee, das Land zu bearbeiten<\/em> &#8222;, sagt <strong><a href=\"\">Emy<\/a> <\/strong>&#8211; <em>und mich auf eine neue Erfahrung einzulassen.<\/em> <em>Ich st\u00fcrzte mich mit Enthusiasmus in das Abenteuer: Im ersten Jahr bekam ich zweihundert G\u00e9n\u00e9py-Setzlinge und im folgenden Jahr beschloss ich, zehntausend zu pflanzen!<\/em>&#8220; <\/p>\n\n<p>Nachdem er 16 Jahre lang nur mit getrockneten Setzlingen gehandelt hat, ist Tochter <strong>Ambra Tomasoni <\/strong> <strong>2018 <\/strong>in das Gesch\u00e4ft eingestiegen und k\u00fcmmert sich um die <strong>Kr\u00e4uterverarbeitung.<\/strong><\/p>\n\n<p><strong><a href=\"https:\/\/www.tascapan.com\/de\/producer\/von-emy-de-2\/\">Emy<\/a> <\/strong>und ihre Tochter <strong>Ambra <\/strong>haben eine au\u00dfergew\u00f6hnliche Leidenschaft f\u00fcr ihr Land und ihr Tal.  <\/p>\n\n<figure class=\"wp-block-image size-full\"><img loading=\"lazy\" decoding=\"async\" width=\"1500\" height=\"2000\" src=\"https:\/\/www.tascapan.com\/wp-content\/uploads\/2023\/04\/ROD202303TP__MG_8852_11zon-scaled.jpg\" alt=\"\" class=\"wp-image-1673\" srcset=\"https:\/\/www.tascapan.com\/wp-content\/uploads\/2023\/04\/ROD202303TP__MG_8852_11zon-scaled.jpg 1500w, https:\/\/www.tascapan.com\/wp-content\/uploads\/2023\/04\/ROD202303TP__MG_8852_11zon-1152x1536.jpg 1152w, https:\/\/www.tascapan.com\/wp-content\/uploads\/2023\/04\/ROD202303TP__MG_8852_11zon-1536x2048.jpg 1536w, https:\/\/www.tascapan.com\/wp-content\/uploads\/2023\/04\/ROD202303TP__MG_8852_11zon-900x1200.jpg 900w, https:\/\/www.tascapan.com\/wp-content\/uploads\/2023\/04\/ROD202303TP__MG_8852_11zon-574x765.jpg 574w, https:\/\/www.tascapan.com\/wp-content\/uploads\/2023\/04\/ROD202303TP__MG_8852_11zon-350x466.jpg 350w, https:\/\/www.tascapan.com\/wp-content\/uploads\/2023\/04\/ROD202303TP__MG_8852_11zon-768x1024.jpg 768w, https:\/\/www.tascapan.com\/wp-content\/uploads\/2023\/04\/ROD202303TP__MG_8852_11zon-450x600.jpg 450w, https:\/\/www.tascapan.com\/wp-content\/uploads\/2023\/04\/ROD202303TP__MG_8852_11zon-263x350.jpg 263w\" sizes=\"auto, (max-width: 1500px) 100vw, 1500px\" \/><\/figure>\n\n<h2 class=\"wp-block-heading\">Kultivierung von Bergs\u00e4mlingen<\/h2>\n\n<p>Der Anbau von Kr\u00e4utern im Hochgebirge ist nicht jedermanns Sache.<\/p>\n\n<p>Ein Blick auf das Flaggschiffprodukt des Unternehmens <strong><a href=\"https:\/\/www.tascapan.com\/de\/producer\/von-emy-de-2\/\">Emy&#8217;s<\/a><\/strong>das der <strong>G\u00e9n\u00e9py<\/strong> ist, stellen wir fest, dass er gar nicht so einfach zu kultivieren ist und zudem keine lange Tradition hinter sich hat.  <\/p>\n\n<p>Doch <a href=\"https:\/\/www.tascapan.com\/de\/producer\/von-emy-de-2\/\">Emilia<\/a> gelingt dies sehr gut und sie produziert und verkauft jedes Jahr gro\u00dfe Mengen getrockneter G\u00e9n\u00e9py-Setzlinge.<\/p>\n\n<p><em>&#8222;Ja, die Arbeit ist nicht einfach<\/em> &#8222;, erkl\u00e4rt <strong><a href=\"https:\/\/www.tascapan.com\/de\/producer\/von-emy-de-2\/\">Emy<\/a> <\/strong>&#8211;<em>  Die meiste Arbeit f\u00e4llt zwischen April und Juli an, und im Herbst wird das Unkraut von Hand gej\u00e4tet.\nAber an einem so sch\u00f6nen Ort zu sein, ist unbezahlbar.\nIch arbeite in Valsavarenche, im Nationalpark Gran Paradiso, hoch oben in den Bergen.\nWenn ich auf den Feldern nach oben schaue, sehe ich die G\u00e4msen und Murmeltiere   <\/em>&#8222;.<\/p>\n\n<p>Wenn Sie <strong>100% nat\u00fcrliche getrocknete Pflanzen<\/strong> in Ihrer K\u00fcche haben m\u00f6chten, die frei von chemischen Zus\u00e4tzen sind, dann sind die von <a href=\"https:\/\/www.tascapan.com\/de\/producer\/von-emy-de-2\/\">Emilia Berthod<\/a> hergestellten Heilpflanzen genau das Richtige f\u00fcr Sie!<\/p>\n\n<figure class=\"wp-block-image size-full\"><img loading=\"lazy\" decoding=\"async\" width=\"2000\" height=\"1500\" src=\"https:\/\/www.tascapan.com\/wp-content\/uploads\/2023\/04\/ROD202303TP__MG_8901_11zon-scaled.jpg\" alt=\"\" class=\"wp-image-1625\" srcset=\"https:\/\/www.tascapan.com\/wp-content\/uploads\/2023\/04\/ROD202303TP__MG_8901_11zon-scaled.jpg 2000w, https:\/\/www.tascapan.com\/wp-content\/uploads\/2023\/04\/ROD202303TP__MG_8901_11zon-1536x1152.jpg 1536w, https:\/\/www.tascapan.com\/wp-content\/uploads\/2023\/04\/ROD202303TP__MG_8901_11zon-2048x1536.jpg 2048w, https:\/\/www.tascapan.com\/wp-content\/uploads\/2023\/04\/ROD202303TP__MG_8901_11zon-1024x768.jpg 1024w, https:\/\/www.tascapan.com\/wp-content\/uploads\/2023\/04\/ROD202303TP__MG_8901_11zon-600x450.jpg 600w, https:\/\/www.tascapan.com\/wp-content\/uploads\/2023\/04\/ROD202303TP__MG_8901_11zon-350x262.jpg 350w\" sizes=\"auto, (max-width: 2000px) 100vw, 2000px\" \/><\/figure>\n","protected":false},"excerpt":{"rendered":"<p>Die Produktion von Wilds\u00e4mlingen im Aostatal: Azienda Agricola Da Emy Das von Emilia Berthod ist ein kleines Unternehmen, in dem sich alles um Bergpflanzen dreht. Emilia ist die Eigent\u00fcmerin des Unternehmens Da Emy, das Heilpflanzen in den Bergen anbaut. Produziert werden vor allem Artemisia Umbelliformis(G\u00e9n\u00e9py), Arnika, Schafgarbe, Berg-Sellerie, Imperatoria, Schachtelhalm und Johanniskraut. Das Aush\u00e4ngeschild seines [&hellip;]<\/p>\n","protected":false},"author":1,"featured_media":32708,"comment_status":"open","ping_status":"open","sticky":false,"template":"","format":"standard","meta":{"_acf_changed":false,"_monsterinsights_skip_tracking":false,"_monsterinsights_sitenote_active":false,"_monsterinsights_sitenote_note":"","_monsterinsights_sitenote_category":0,"footnotes":""},"categories":[2254],"tags":[553,2282,2268,2280,2292,2294,187,2272,545,2178,555,2288,2290,2004,2016,2264,2278,2260,2176],"lgarea":[],"class_list":["post-32704","post","type-post","status-publish","format-standard","has-post-thumbnail","hentry","category-bergkrauter","tag-agrou","tag-agrou-setzlinge","tag-arnika","tag-arnika-setzlinge","tag-aromatische-setzlinge","tag-gebirgssetzlinge","tag-genepy","tag-genepy-setzlinge","tag-genepy-valle-daosta","tag-genepy-von-emy","tag-imperatoria","tag-imperatoria-setzlinge","tag-landwirtschaftliche-gesellschaft-bei-emys","tag-produzenten-aosta-tal","tag-produzenten-aus-dem-aostatal","tag-schafgarbe","tag-schafgarbensetzlinge","tag-setzlinge","tag-von-emy"],"acf":[],"yoast_head":"<!-- This site is optimized with the Yoast SEO Premium plugin v25.0 (Yoast SEO v26.8) - https:\/\/yoast.com\/product\/yoast-seo-premium-wordpress\/ -->\n<title>Le Piantine di Montagna - Azienda Agricola da Emy - Valle d&#039;Aosta<\/title>\n<meta name=\"description\" content=\"Im Aosta-Tal, auf 1400 Metern \u00fcber dem Meeresspiegel, kultiviert Emilia mit gro\u00dfer Leidenschaft ihre geliebten Bergpflanzen, von G\u00e9n\u00e9py bis Arnika und Schafgarbe.\" \/>\n<meta name=\"robots\" content=\"index, follow, max-snippet:-1, max-image-preview:large, max-video-preview:-1\" \/>\n<link rel=\"canonical\" href=\"https:\/\/www.tascapan.com\/de\/32704\/berg-setzlinge\/\" \/>\n<meta property=\"og:locale\" content=\"de_DE\" \/>\n<meta property=\"og:type\" content=\"article\" \/>\n<meta property=\"og:title\" content=\"Berg-Setzlinge\" \/>\n<meta property=\"og:description\" content=\"Im Aosta-Tal, auf 1400 Metern \u00fcber dem Meeresspiegel, kultiviert Emilia mit gro\u00dfer Leidenschaft ihre geliebten Bergpflanzen, von G\u00e9n\u00e9py bis Arnika und Schafgarbe.\" \/>\n<meta property=\"og:url\" content=\"https:\/\/www.tascapan.com\/de\/32704\/berg-setzlinge\/\" \/>\n<meta property=\"og:site_name\" content=\"Tascapan\" \/>\n<meta property=\"article:published_time\" content=\"2023-04-11T13:43:26+00:00\" \/>\n<meta property=\"article:modified_time\" content=\"2024-12-03T14:04:45+00:00\" \/>\n<meta property=\"og:image\" content=\"https:\/\/www.tascapan.com\/wp-content\/uploads\/2023\/04\/ROD202303TP__MG_8885_11zon-scaled.jpg\" \/>\n\t<meta property=\"og:image:width\" content=\"2000\" \/>\n\t<meta property=\"og:image:height\" content=\"1500\" \/>\n\t<meta property=\"og:image:type\" content=\"image\/jpeg\" \/>\n<meta name=\"author\" content=\"tascapan\" \/>\n<meta name=\"twitter:card\" content=\"summary_large_image\" \/>\n<meta name=\"twitter:label1\" content=\"Verfasst von\" \/>\n\t<meta name=\"twitter:data1\" content=\"tascapan\" \/>\n\t<meta name=\"twitter:label2\" content=\"Gesch\u00e4tzte Lesezeit\" \/>\n\t<meta name=\"twitter:data2\" content=\"2\u00a0Minuten\" \/>\n<script type=\"application\/ld+json\" class=\"yoast-schema-graph\">{\"@context\":\"https:\/\/schema.org\",\"@graph\":[{\"@type\":\"Article\",\"@id\":\"https:\/\/www.tascapan.com\/de\/32704\/berg-setzlinge\/#article\",\"isPartOf\":{\"@id\":\"https:\/\/www.tascapan.com\/de\/32704\/berg-setzlinge\/\"},\"author\":{\"name\":\"tascapan\",\"@id\":\"https:\/\/www.tascapan.com\/#\/schema\/person\/ac11dcf73002d6852dd9817439fe888b\"},\"headline\":\"Berg-Setzlinge\",\"datePublished\":\"2023-04-11T13:43:26+00:00\",\"dateModified\":\"2024-12-03T14:04:45+00:00\",\"mainEntityOfPage\":{\"@id\":\"https:\/\/www.tascapan.com\/de\/32704\/berg-setzlinge\/\"},\"wordCount\":435,\"commentCount\":0,\"publisher\":{\"@id\":\"https:\/\/www.tascapan.com\/#organization\"},\"image\":{\"@id\":\"https:\/\/www.tascapan.com\/de\/32704\/berg-setzlinge\/#primaryimage\"},\"thumbnailUrl\":\"https:\/\/www.tascapan.com\/wp-content\/uploads\/2023\/04\/ROD202303TP__MG_8885_11zon-scaled.jpg\",\"keywords\":[\"agrou\",\"agrou-Setzlinge\",\"Arnika\",\"Arnika-Setzlinge\",\"aromatische Setzlinge\",\"Gebirgssetzlinge\",\"g\u00e9n\u00e9py\",\"g\u00e9n\u00e9py Setzlinge\",\"g\u00e9n\u00e9py valle d&#039;aosta\",\"g\u00e9n\u00e9py von emy\",\"imperatoria\",\"Imperatoria-Setzlinge\",\"landwirtschaftliche gesellschaft bei emy's\",\"produzenten aosta-tal\",\"Produzenten aus dem Aostatal\",\"Schafgarbe\",\"Schafgarbensetzlinge\",\"Setzlinge\",\"von emy\"],\"articleSection\":[\"BERGKR\u00c4UTER\"],\"inLanguage\":\"de\",\"potentialAction\":[{\"@type\":\"CommentAction\",\"name\":\"Comment\",\"target\":[\"https:\/\/www.tascapan.com\/de\/32704\/berg-setzlinge\/#respond\"]}]},{\"@type\":\"WebPage\",\"@id\":\"https:\/\/www.tascapan.com\/de\/32704\/berg-setzlinge\/\",\"url\":\"https:\/\/www.tascapan.com\/de\/32704\/berg-setzlinge\/\",\"name\":\"Le Piantine di Montagna - Azienda Agricola da Emy - Valle d'Aosta\",\"isPartOf\":{\"@id\":\"https:\/\/www.tascapan.com\/#website\"},\"primaryImageOfPage\":{\"@id\":\"https:\/\/www.tascapan.com\/de\/32704\/berg-setzlinge\/#primaryimage\"},\"image\":{\"@id\":\"https:\/\/www.tascapan.com\/de\/32704\/berg-setzlinge\/#primaryimage\"},\"thumbnailUrl\":\"https:\/\/www.tascapan.com\/wp-content\/uploads\/2023\/04\/ROD202303TP__MG_8885_11zon-scaled.jpg\",\"datePublished\":\"2023-04-11T13:43:26+00:00\",\"dateModified\":\"2024-12-03T14:04:45+00:00\",\"description\":\"Im Aosta-Tal, auf 1400 Metern \u00fcber dem Meeresspiegel, kultiviert Emilia mit gro\u00dfer Leidenschaft ihre geliebten Bergpflanzen, von G\u00e9n\u00e9py bis Arnika und Schafgarbe.\",\"breadcrumb\":{\"@id\":\"https:\/\/www.tascapan.com\/de\/32704\/berg-setzlinge\/#breadcrumb\"},\"inLanguage\":\"de\",\"potentialAction\":[{\"@type\":\"ReadAction\",\"target\":[\"https:\/\/www.tascapan.com\/de\/32704\/berg-setzlinge\/\"]}]},{\"@type\":\"ImageObject\",\"inLanguage\":\"de\",\"@id\":\"https:\/\/www.tascapan.com\/de\/32704\/berg-setzlinge\/#primaryimage\",\"url\":\"https:\/\/www.tascapan.com\/wp-content\/uploads\/2023\/04\/ROD202303TP__MG_8885_11zon-scaled.jpg\",\"contentUrl\":\"https:\/\/www.tascapan.com\/wp-content\/uploads\/2023\/04\/ROD202303TP__MG_8885_11zon-scaled.jpg\",\"width\":2000,\"height\":1500,\"caption\":\"agrou\"},{\"@type\":\"BreadcrumbList\",\"@id\":\"https:\/\/www.tascapan.com\/de\/32704\/berg-setzlinge\/#breadcrumb\",\"itemListElement\":[{\"@type\":\"ListItem\",\"position\":1,\"name\":\"Home\",\"item\":\"https:\/\/www.tascapan.com\/de\/\"},{\"@type\":\"ListItem\",\"position\":2,\"name\":\"Berg-Setzlinge\"}]},{\"@type\":\"WebSite\",\"@id\":\"https:\/\/www.tascapan.com\/#website\",\"url\":\"https:\/\/www.tascapan.com\/\",\"name\":\"Tascapan\",\"description\":\"Prodotti Tipici della Valle d&#039;Aosta\",\"publisher\":{\"@id\":\"https:\/\/www.tascapan.com\/#organization\"},\"potentialAction\":[{\"@type\":\"SearchAction\",\"target\":{\"@type\":\"EntryPoint\",\"urlTemplate\":\"https:\/\/www.tascapan.com\/?s={search_term_string}\"},\"query-input\":{\"@type\":\"PropertyValueSpecification\",\"valueRequired\":true,\"valueName\":\"search_term_string\"}}],\"inLanguage\":\"de\"},{\"@type\":\"Organization\",\"@id\":\"https:\/\/www.tascapan.com\/#organization\",\"name\":\"Tascapan\",\"url\":\"https:\/\/www.tascapan.com\/\",\"logo\":{\"@type\":\"ImageObject\",\"inLanguage\":\"de\",\"@id\":\"https:\/\/www.tascapan.com\/#\/schema\/logo\/image\/\",\"url\":\"\",\"contentUrl\":\"\",\"caption\":\"Tascapan\"},\"image\":{\"@id\":\"https:\/\/www.tascapan.com\/#\/schema\/logo\/image\/\"}},{\"@type\":\"Person\",\"@id\":\"https:\/\/www.tascapan.com\/#\/schema\/person\/ac11dcf73002d6852dd9817439fe888b\",\"name\":\"tascapan\",\"image\":{\"@type\":\"ImageObject\",\"inLanguage\":\"de\",\"@id\":\"https:\/\/www.tascapan.com\/#\/schema\/person\/image\/\",\"url\":\"https:\/\/secure.gravatar.com\/avatar\/20ac882da9323529f9df399074e647b1f6624e55cf435d0a8c8bb8e0ed0cdfd7?s=96&d=mm&r=g\",\"contentUrl\":\"https:\/\/secure.gravatar.com\/avatar\/20ac882da9323529f9df399074e647b1f6624e55cf435d0a8c8bb8e0ed0cdfd7?s=96&d=mm&r=g\",\"caption\":\"tascapan\"},\"sameAs\":[\"http:\/\/172.16.65.159\"],\"url\":\"https:\/\/www.tascapan.com\/de\/author\/tascapan\/\"}]}<\/script>\n<!-- \/ Yoast SEO Premium plugin. -->","yoast_head_json":{"title":"Le Piantine di Montagna - Azienda Agricola da Emy - Valle d'Aosta","description":"Im Aosta-Tal, auf 1400 Metern \u00fcber dem Meeresspiegel, kultiviert Emilia mit gro\u00dfer Leidenschaft ihre geliebten Bergpflanzen, von G\u00e9n\u00e9py bis Arnika und Schafgarbe.","robots":{"index":"index","follow":"follow","max-snippet":"max-snippet:-1","max-image-preview":"max-image-preview:large","max-video-preview":"max-video-preview:-1"},"canonical":"https:\/\/www.tascapan.com\/de\/32704\/berg-setzlinge\/","og_locale":"de_DE","og_type":"article","og_title":"Berg-Setzlinge","og_description":"Im Aosta-Tal, auf 1400 Metern \u00fcber dem Meeresspiegel, kultiviert Emilia mit gro\u00dfer Leidenschaft ihre geliebten Bergpflanzen, von G\u00e9n\u00e9py bis Arnika und Schafgarbe.","og_url":"https:\/\/www.tascapan.com\/de\/32704\/berg-setzlinge\/","og_site_name":"Tascapan","article_published_time":"2023-04-11T13:43:26+00:00","article_modified_time":"2024-12-03T14:04:45+00:00","og_image":[{"width":2000,"height":1500,"url":"https:\/\/www.tascapan.com\/wp-content\/uploads\/2023\/04\/ROD202303TP__MG_8885_11zon-scaled.jpg","type":"image\/jpeg"}],"author":"tascapan","twitter_card":"summary_large_image","twitter_misc":{"Verfasst von":"tascapan","Gesch\u00e4tzte Lesezeit":"2\u00a0Minuten"},"schema":{"@context":"https:\/\/schema.org","@graph":[{"@type":"Article","@id":"https:\/\/www.tascapan.com\/de\/32704\/berg-setzlinge\/#article","isPartOf":{"@id":"https:\/\/www.tascapan.com\/de\/32704\/berg-setzlinge\/"},"author":{"name":"tascapan","@id":"https:\/\/www.tascapan.com\/#\/schema\/person\/ac11dcf73002d6852dd9817439fe888b"},"headline":"Berg-Setzlinge","datePublished":"2023-04-11T13:43:26+00:00","dateModified":"2024-12-03T14:04:45+00:00","mainEntityOfPage":{"@id":"https:\/\/www.tascapan.com\/de\/32704\/berg-setzlinge\/"},"wordCount":435,"commentCount":0,"publisher":{"@id":"https:\/\/www.tascapan.com\/#organization"},"image":{"@id":"https:\/\/www.tascapan.com\/de\/32704\/berg-setzlinge\/#primaryimage"},"thumbnailUrl":"https:\/\/www.tascapan.com\/wp-content\/uploads\/2023\/04\/ROD202303TP__MG_8885_11zon-scaled.jpg","keywords":["agrou","agrou-Setzlinge","Arnika","Arnika-Setzlinge","aromatische Setzlinge","Gebirgssetzlinge","g\u00e9n\u00e9py","g\u00e9n\u00e9py Setzlinge","g\u00e9n\u00e9py valle d&#039;aosta","g\u00e9n\u00e9py von emy","imperatoria","Imperatoria-Setzlinge","landwirtschaftliche gesellschaft bei emy's","produzenten aosta-tal","Produzenten aus dem Aostatal","Schafgarbe","Schafgarbensetzlinge","Setzlinge","von emy"],"articleSection":["BERGKR\u00c4UTER"],"inLanguage":"de","potentialAction":[{"@type":"CommentAction","name":"Comment","target":["https:\/\/www.tascapan.com\/de\/32704\/berg-setzlinge\/#respond"]}]},{"@type":"WebPage","@id":"https:\/\/www.tascapan.com\/de\/32704\/berg-setzlinge\/","url":"https:\/\/www.tascapan.com\/de\/32704\/berg-setzlinge\/","name":"Le Piantine di Montagna - Azienda Agricola da Emy - Valle d'Aosta","isPartOf":{"@id":"https:\/\/www.tascapan.com\/#website"},"primaryImageOfPage":{"@id":"https:\/\/www.tascapan.com\/de\/32704\/berg-setzlinge\/#primaryimage"},"image":{"@id":"https:\/\/www.tascapan.com\/de\/32704\/berg-setzlinge\/#primaryimage"},"thumbnailUrl":"https:\/\/www.tascapan.com\/wp-content\/uploads\/2023\/04\/ROD202303TP__MG_8885_11zon-scaled.jpg","datePublished":"2023-04-11T13:43:26+00:00","dateModified":"2024-12-03T14:04:45+00:00","description":"Im Aosta-Tal, auf 1400 Metern \u00fcber dem Meeresspiegel, kultiviert Emilia mit gro\u00dfer Leidenschaft ihre geliebten Bergpflanzen, von G\u00e9n\u00e9py bis Arnika und Schafgarbe.","breadcrumb":{"@id":"https:\/\/www.tascapan.com\/de\/32704\/berg-setzlinge\/#breadcrumb"},"inLanguage":"de","potentialAction":[{"@type":"ReadAction","target":["https:\/\/www.tascapan.com\/de\/32704\/berg-setzlinge\/"]}]},{"@type":"ImageObject","inLanguage":"de","@id":"https:\/\/www.tascapan.com\/de\/32704\/berg-setzlinge\/#primaryimage","url":"https:\/\/www.tascapan.com\/wp-content\/uploads\/2023\/04\/ROD202303TP__MG_8885_11zon-scaled.jpg","contentUrl":"https:\/\/www.tascapan.com\/wp-content\/uploads\/2023\/04\/ROD202303TP__MG_8885_11zon-scaled.jpg","width":2000,"height":1500,"caption":"agrou"},{"@type":"BreadcrumbList","@id":"https:\/\/www.tascapan.com\/de\/32704\/berg-setzlinge\/#breadcrumb","itemListElement":[{"@type":"ListItem","position":1,"name":"Home","item":"https:\/\/www.tascapan.com\/de\/"},{"@type":"ListItem","position":2,"name":"Berg-Setzlinge"}]},{"@type":"WebSite","@id":"https:\/\/www.tascapan.com\/#website","url":"https:\/\/www.tascapan.com\/","name":"Tascapan","description":"Prodotti Tipici della Valle d&#039;Aosta","publisher":{"@id":"https:\/\/www.tascapan.com\/#organization"},"potentialAction":[{"@type":"SearchAction","target":{"@type":"EntryPoint","urlTemplate":"https:\/\/www.tascapan.com\/?s={search_term_string}"},"query-input":{"@type":"PropertyValueSpecification","valueRequired":true,"valueName":"search_term_string"}}],"inLanguage":"de"},{"@type":"Organization","@id":"https:\/\/www.tascapan.com\/#organization","name":"Tascapan","url":"https:\/\/www.tascapan.com\/","logo":{"@type":"ImageObject","inLanguage":"de","@id":"https:\/\/www.tascapan.com\/#\/schema\/logo\/image\/","url":"","contentUrl":"","caption":"Tascapan"},"image":{"@id":"https:\/\/www.tascapan.com\/#\/schema\/logo\/image\/"}},{"@type":"Person","@id":"https:\/\/www.tascapan.com\/#\/schema\/person\/ac11dcf73002d6852dd9817439fe888b","name":"tascapan","image":{"@type":"ImageObject","inLanguage":"de","@id":"https:\/\/www.tascapan.com\/#\/schema\/person\/image\/","url":"https:\/\/secure.gravatar.com\/avatar\/20ac882da9323529f9df399074e647b1f6624e55cf435d0a8c8bb8e0ed0cdfd7?s=96&d=mm&r=g","contentUrl":"https:\/\/secure.gravatar.com\/avatar\/20ac882da9323529f9df399074e647b1f6624e55cf435d0a8c8bb8e0ed0cdfd7?s=96&d=mm&r=g","caption":"tascapan"},"sameAs":["http:\/\/172.16.65.159"],"url":"https:\/\/www.tascapan.com\/de\/author\/tascapan\/"}]}},"_links":{"self":[{"href":"https:\/\/www.tascapan.com\/de\/wp-json\/wp\/v2\/posts\/32704","targetHints":{"allow":["GET"]}}],"collection":[{"href":"https:\/\/www.tascapan.com\/de\/wp-json\/wp\/v2\/posts"}],"about":[{"href":"https:\/\/www.tascapan.com\/de\/wp-json\/wp\/v2\/types\/post"}],"author":[{"embeddable":true,"href":"https:\/\/www.tascapan.com\/de\/wp-json\/wp\/v2\/users\/1"}],"replies":[{"embeddable":true,"href":"https:\/\/www.tascapan.com\/de\/wp-json\/wp\/v2\/comments?post=32704"}],"version-history":[{"count":2,"href":"https:\/\/www.tascapan.com\/de\/wp-json\/wp\/v2\/posts\/32704\/revisions"}],"predecessor-version":[{"id":35696,"href":"https:\/\/www.tascapan.com\/de\/wp-json\/wp\/v2\/posts\/32704\/revisions\/35696"}],"wp:featuredmedia":[{"embeddable":true,"href":"https:\/\/www.tascapan.com\/de\/wp-json\/wp\/v2\/media\/32708"}],"wp:attachment":[{"href":"https:\/\/www.tascapan.com\/de\/wp-json\/wp\/v2\/media?parent=32704"}],"wp:term":[{"taxonomy":"category","embeddable":true,"href":"https:\/\/www.tascapan.com\/de\/wp-json\/wp\/v2\/categories?post=32704"},{"taxonomy":"post_tag","embeddable":true,"href":"https:\/\/www.tascapan.com\/de\/wp-json\/wp\/v2\/tags?post=32704"},{"taxonomy":"lgarea","embeddable":true,"href":"https:\/\/www.tascapan.com\/de\/wp-json\/wp\/v2\/lgarea?post=32704"}],"curies":[{"name":"wp","href":"https:\/\/api.w.org\/{rel}","templated":true}]}}